{"id":540,"date":"2016-04-09T18:39:30","date_gmt":"2016-04-09T16:39:30","guid":{"rendered":"http:\/\/katolikuopetus.ee\/kiriklikvaatleja\/?p=540"},"modified":"2016-04-09T18:39:30","modified_gmt":"2016-04-09T16:39:30","slug":"norra-poliitik-vagistati-immigrandi-poolt-ja-raagib-nuud-sellest","status":"publish","type":"post","link":"https:\/\/katolikuopetus.ee\/kiriklikvaatleja\/norra-poliitik-vagistati-immigrandi-poolt-ja-raagib-nuud-sellest\/","title":{"rendered":"NORRA POLIITIK V\u00c4GISTATI IMMIGRANDI POOLT JA R\u00c4\u00c4GIB N\u00dc\u00dcD SELLEST"},"content":{"rendered":"<h4><strong>\u00a0<\/strong><strong><em>Fronda<\/em><\/strong><strong>, 7. aprill 2015<\/strong><br \/>\n<!--more--><\/h4>\n<p><strong>\u00a0<a href=\"http:\/\/katolikuopetus.ee\/kiriklikvaatleja\/wp-content\/uploads\/2016\/04\/Karsten-Nordal-Hhauken.jpg\"><img decoding=\"async\" loading=\"lazy\" class=\"alignnone wp-image-541\" src=\"http:\/\/katolikuopetus.ee\/kiriklikvaatleja\/wp-content\/uploads\/2016\/04\/Karsten-Nordal-Hhauken-300x169.jpg\" alt=\"Karsten+Nordal+Hhauken\" width=\"533\" height=\"300\" srcset=\"https:\/\/katolikuopetus.ee\/kiriklikvaatleja\/wp-content\/uploads\/2016\/04\/Karsten-Nordal-Hhauken-300x169.jpg 300w, https:\/\/katolikuopetus.ee\/kiriklikvaatleja\/wp-content\/uploads\/2016\/04\/Karsten-Nordal-Hhauken.jpg 400w\" sizes=\"(max-width: 533px) 100vw, 533px\" \/><\/a><\/strong><\/p>\n<pre>Karsten Nordal Hauken<\/pre>\n<h2 style=\"text-align: justify;\"><\/h2>\n<p style=\"text-align: justify;\"><strong>Norra, vasakpoolne poliitik Karsten Nordal Hauken v\u00e4gistati Somaalia immigrandi poolt viis aastat tagasi.<\/strong>\u00a0<strong>N\u00fc\u00fcd otsustas ta avalikult sellest tunnistada ja kirjeldada, kuidas see oli, ja &#8230; n\u00e4idata, et sisser\u00e4ndajad on OK.<\/strong><\/p>\n<p style=\"text-align: justify;\">\n<p style=\"text-align: justify;\">Poliitik otsustas r\u00e4\u00e4kida oma kogemustest.\u00a0NRK portaalis avalikustati tema kiri, milles ta tunnistas, et ta tundis ennast &#8220;s\u00fc\u00fcdi ja vastutavana&#8221; asjaolu eest, et v\u00e4gistamises s\u00fc\u00fcdi tunnistatud kurjategija deporteeriti Rootsist p\u00e4rast karistuse \u00e4rakandmist.\u00a0Poliitik \u00fctles ka, et see juhtum p\u00f5hjustas, et ta haaras alkoholi ja narkootikumite j\u00e4rele.<\/p>\n<p style=\"text-align: justify;\">Vasakpoolne poliitik Karsten Nordal Hauken jagas oma lugu teistega portaalis nrk.no avalikustatud kirjas. Tema tunnistus kujutab endast osa dokumentaalsest ts\u00fcklist &#8220;Mina tunnistan enda vastu&#8221;.<\/p>\n<p style=\"text-align: justify;\">&#8220;Kuidas on see v\u00f5imalik &#8211; olla mees ja saada v\u00e4gistatud? Kuidas olla noor rassismi vastane ja feminismi pooldav mees ja saada v\u00e4gistatud somaallase poolt?&#8221; &#8211; k\u00fcsib isiklikus kirjas endalt poliitik. Mees kirjeldab oma l\u00e4bielamisi sellest ajast, kui toimus v\u00e4gistamine kuni t\u00e4nase p\u00e4evani &#8211; kokku peaaegu viie aasta jooksul.<\/p>\n<p style=\"text-align: justify;\">Hauken kirjutab, kuidas ta elas \u00fcle j\u00f5hkra v\u00e4gistamise, milles ahistajaks oli somaallane.\u00a0Ta meenutab s\u00f5itu kiirabiga Oslo haiglasse, meditsiini\u00f5dede poolt\u00a0 DNA proovi v\u00f5tmist, k\u00fclastust ps\u00fchholoogi juurde ja l\u00f5puks haiglast kojus\u00f5idutamist oma isa poolt.\u00a0Ta meenutab ka uurimist, mille tulemusena tehti kindlaks v\u00e4gistaja isik.\u00a0&#8220;Minu tuba sai r\u00fc\u00fcstatud politsei ekspertide poolt, s\u00f5rmej\u00e4lgede v\u00f5tmiseks kasutatud tu\u0161\u0161 oli hiljem kuid kirjutuslaua peal. Neil \u00f5nnestus koguda materjali nii DNA testideks kui s\u00f5rmej\u00e4lgede tuvastamiseks,&#8221; meenutab ta.\u00a0Kuus kuud p\u00e4rast intsidenti sai poliitik teate, et kuriteo t\u00f5en\u00e4oline toimepanija tabati teise kuriteo toimepanemisel.\u00a0Hauken meenutab, kuidas kohtuprotsessi ajal kurjategija tunnistas, et &#8220;see, mis juhtus, oli vabatahtlik, kuid asjaolud ei j\u00e4tnud kahtlust selles, et ta on s\u00fc\u00fcdi&#8221;.\u00a0Somaallane m\u00f5isteti neljaks ja pooleks aastaks vangi.\u00a0Just enne ahistaja karistuse t\u00e4htaja l\u00f5ppu teatati norralasele, et mees saab peagi vanglast v\u00e4lja ja ta deprteeritakse tagasi Somaaliasse.<\/p>\n<p style=\"text-align: justify;\">Hauken meenutab oma reaktsiooni sellele teatele: &#8220;Ma hakkasin nutma. Ma tundsin kergendust ja r\u00f5\u00f5mu, et s\u00f5idab alatiseks \u00e4ra&#8221;.\u00a0Poliitik v\u00e4idab siiski, et sellega kaasneb talle samuti &#8220;s\u00fc\u00fc ja vastutuse&#8221; tunne, mis on tingitud asjaolust, et kurjategijat on Somaalias ootamas &#8220;ebakindel tulevik&#8221;.\u00a0&#8220;Ta kandis \u00e4ra karistuse vanglas. Kas teda tuleb veel kord karistada?&#8221;\u00a0&#8211; k\u00fcsib ta kirjas.\u00a0Ta \u00fctleb, et ta otsustas osaleda dokumentaalses ettev\u00f5tmises, kuna ta tahtis n\u00e4idata, et v\u00e4gistamise ohvriks v\u00f5ib saada ka mees ning pealegi heteroseksuaalne mees. &#8220;Ma tahtsin murda stereot\u00fc\u00fcpi, et ohvrid on alati naised ja et see h\u00e4vitab kogu nende elu,&#8221; &#8211; selgitas ta oma motiive.<\/p>\n<h2><\/h2>\n<h2><\/h2>\n<p>Poola <strong><em><a href=\"http:\/\/www.infoportaalist\/\">infoportaalist<\/a><a href=\"http:\/\/www.fronda.pl\/a\/norweski-polityk-zostal-zgwalcony-przez-imigranta-i-teraz-o-tym-opowiada,69411.html\"> Fronda<\/a><\/em><\/strong> poola keelest t\u00f5lkis isa Ivo \u00d5unpuu.<\/p>\n<p>&nbsp;<\/p>\n<p>&nbsp;<\/p>\n","protected":false},"excerpt":{"rendered":"<p>\u00a0Fronda, 7. aprill 2015<\/p>\n","protected":false},"author":1,"featured_media":0,"comment_status":"open","ping_status":"open","sticky":false,"template":"","format":"standard","meta":{"footnotes":""},"categories":[7],"tags":[114,232,62,64,68,141,231],"_links":{"self":[{"href":"https:\/\/katolikuopetus.ee\/kiriklikvaatleja\/wp-json\/wp\/v2\/posts\/540"}],"collection":[{"href":"https:\/\/katolikuopetus.ee\/kiriklikvaatleja\/wp-json\/wp\/v2\/posts"}],"about":[{"href":"https:\/\/katolikuopetus.ee\/kiriklikvaatleja\/wp-json\/wp\/v2\/types\/post"}],"author":[{"embeddable":true,"href":"https:\/\/katolikuopetus.ee\/kiriklikvaatleja\/wp-json\/wp\/v2\/users\/1"}],"replies":[{"embeddable":true,"href":"https:\/\/katolikuopetus.ee\/kiriklikvaatleja\/wp-json\/wp\/v2\/comments?post=540"}],"version-history":[{"count":1,"href":"https:\/\/katolikuopetus.ee\/kiriklikvaatleja\/wp-json\/wp\/v2\/posts\/540\/revisions"}],"predecessor-version":[{"id":542,"href":"https:\/\/katolikuopetus.ee\/kiriklikvaatleja\/wp-json\/wp\/v2\/posts\/540\/revisions\/542"}],"wp:attachment":[{"href":"https:\/\/katolikuopetus.ee\/kiriklikvaatleja\/wp-json\/wp\/v2\/media?parent=540"}],"wp:term":[{"taxonomy":"category","embeddable":true,"href":"https:\/\/katolikuopetus.ee\/kiriklikvaatleja\/wp-json\/wp\/v2\/categories?post=540"},{"taxonomy":"post_tag","embeddable":true,"href":"https:\/\/katolikuopetus.ee\/kiriklikvaatleja\/wp-json\/wp\/v2\/tags?post=540"}],"curies":[{"name":"wp","href":"https:\/\/api.w.org\/{rel}","templated":true}]}}